{"id":1891,"date":"2022-02-10T13:12:22","date_gmt":"2022-02-10T13:12:22","guid":{"rendered":"https:\/\/www.fondation-culturelle-barbier-mueller.org\/bada-et-la-deesse-dragon\/"},"modified":"2022-02-10T13:32:45","modified_gmt":"2022-02-10T13:32:45","slug":"bada-et-la-deesse-dragon","status":"publish","type":"post","link":"https:\/\/www.fondation-culturelle-barbier-mueller.org\/en\/bada-et-la-deesse-dragon\/","title":{"rendered":"Bada et la d\u00e9esse Dragon"},"content":{"rendered":"\n<p>AN ILLUSTRATED TALE TOLD BY LOLA L&#8217;AVENTURI\u00c8RE<\/p>\n\n\n\n<p>Inspired by a tale told by the <em>jamnyo<\/em> women divers of the island of Jeju, Korea, to Ok-Kyung Pak, adapted for children by Pascal Montjovent and Pascal Conicella, illustrated by Helder Da Silva<\/p>\n\n\n\n<p>The daughter of a <em>jamnyo<\/em> diver, Bada sees her mother disappear into the ocean every morning and bring back wonderful brightly coloured shells to feed her and her family. Then one day, the little girl decides to dive like her mother. She sees a shell at the bottom of the water that is brighter than the others and tries to get close to it but runs out of breath.<\/p>\n\n\n\n<p>For children from 6 to 10. 44 pages.<\/p>\n\n\n\n<p><strong>French edition only.<\/strong><\/p>\n\n\n\n<p>An educational part presents the <em>jamnyo<\/em> women divers of the island of Jeju, strong women holding a key position in families and society in Jeju.<\/p>\n\n\n\n<h2 class=\"wp-block-heading\" id=\"la-serie\">The Series<\/h2>\n\n\n\n<figure class=\"wp-block-image size-full is-resized\"><img decoding=\"async\" src=\"https:\/\/www.fondation-culturelle-barbier-mueller.org\/wp-content\/uploads\/2021\/05\/lola_logo_-52d4c.jpg\" alt=\"\" class=\"wp-image-1179\" width=\"261\" height=\"152\" srcset=\"https:\/\/www.fondation-culturelle-barbier-mueller.org\/wp-content\/uploads\/2021\/05\/lola_logo_-52d4c.jpg 500w, https:\/\/www.fondation-culturelle-barbier-mueller.org\/wp-content\/uploads\/2021\/05\/lola_logo_-52d4c-300x175.jpg 300w\" sizes=\"(max-width: 261px) 100vw, 261px\" \/><\/figure>\n\n\n\n<p><strong>Lola is a young explorer.<\/strong> She never misses an opportunity to go in search of mysterious events happening in remote regions of our beautiful planet. After each of her experiences, she comes back to tell us about her discoveries.<\/p>\n\n\n\n<p><strong>To be published in the same series:<\/strong><\/p>\n\n\n\n<ul class=\"wp-block-list\"><li><strong>Sona Lamu, petite fille intr\u00e9pide du lac Lugu<\/strong>. Among the Na of Lijiazui in China<\/li><li><strong>Bou\u00e9r\u00e9 et les monstres de la for\u00eat<\/strong>. Among the Yaure of Central C\u00f4te d&#8217;Ivoire<\/li><\/ul>\n","protected":false},"excerpt":{"rendered":"<p>AN ILLUSTRATED TALE TOLD BY LOLA L&#8217;AVENTURI\u00c8RE Inspired by a tale told by the jamnyo women divers of the island of Jeju, Korea, to Ok-Kyung Pak, adapted for children by Pascal Montjovent and Pascal Conicella, illustrated by Helder Da Silva The daughter of a jamnyo diver, Bada sees her mother disappear into the ocean every [&hellip;]<\/p>\n","protected":false},"author":2,"featured_media":1835,"comment_status":"closed","ping_status":"closed","sticky":false,"template":"","format":"standard","meta":{"footnotes":""},"categories":[21],"tags":[],"class_list":["post-1891","post","type-post","status-publish","format-standard","has-post-thumbnail","hentry","category-ethno-tales"],"meta_box":{"image_advanced_bajytcpz939":[],"fichier_audio":"","publication":{"width":150,"height":150,"file":"2022\/02\/BADA-couverture.jpg","sizes":{"medium":{"file":"BADA-couverture-300x300.jpg","width":300,"height":300,"mime-type":"image\/jpeg","url":"https:\/\/www.fondation-culturelle-barbier-mueller.org\/wp-content\/uploads\/2022\/02\/BADA-couverture-300x300.jpg"},"large":{"file":"BADA-couverture-1024x1024.jpg","width":1024,"height":1024,"mime-type":"image\/jpeg","url":"https:\/\/www.fondation-culturelle-barbier-mueller.org\/wp-content\/uploads\/2022\/02\/BADA-couverture-1024x1024.jpg"},"thumbnail":{"file":"BADA-couverture-150x150.jpg","width":150,"height":150,"mime-type":"image\/jpeg","url":"https:\/\/www.fondation-culturelle-barbier-mueller.org\/wp-content\/uploads\/2022\/02\/BADA-couverture-150x150.jpg"},"medium_large":{"file":"BADA-couverture-768x768.jpg","width":768,"height":768,"mime-type":"image\/jpeg","url":"https:\/\/www.fondation-culturelle-barbier-mueller.org\/wp-content\/uploads\/2022\/02\/BADA-couverture-768x768.jpg"}},"image_meta":{"aperture":"0","credit":"","camera":"","caption":"","created_timestamp":"0","copyright":"","focal_length":"0","iso":"0","shutter_speed":"0","title":"BADA maquette FINALE V Bleu.indd","orientation":"1","keywords":[]},"ID":"1835","name":"BADA-couverture.jpg","path":"\/home\/clients\/5430092b271085efa9501c5c032c54b3\/sites\/fondation-culturelle-barbier-mueller.org\/wp-content\/uploads\/2022\/02\/BADA-couverture.jpg","url":"https:\/\/www.fondation-culturelle-barbier-mueller.org\/wp-content\/uploads\/2022\/02\/BADA-couverture-150x150.jpg","full_url":"https:\/\/www.fondation-culturelle-barbier-mueller.org\/wp-content\/uploads\/2022\/02\/BADA-couverture.jpg","title":"BADA maquette FINALE V Bleu.indd","caption":"","description":"","alt":"","srcset":"https:\/\/www.fondation-culturelle-barbier-mueller.org\/wp-content\/uploads\/2022\/02\/BADA-couverture-150x150.jpg 150w, https:\/\/www.fondation-culturelle-barbier-mueller.org\/wp-content\/uploads\/2022\/02\/BADA-couverture-300x300.jpg 300w, https:\/\/www.fondation-culturelle-barbier-mueller.org\/wp-content\/uploads\/2022\/02\/BADA-couverture-1024x1024.jpg 1024w, https:\/\/www.fondation-culturelle-barbier-mueller.org\/wp-content\/uploads\/2022\/02\/BADA-couverture-768x768.jpg 768w, https:\/\/www.fondation-culturelle-barbier-mueller.org\/wp-content\/uploads\/2022\/02\/BADA-couverture.jpg 1200w"},"lien_boutique":"https:\/\/www.barbier-mueller.ch\/boutique\/publications-pour-enfants-de-la-fondation-culturelle-musee-barbier-mueller\/bada-et-la-deesse-dragon\/","date_debut":"","time_debut":"","date_fin":"","lieu":""},"_links":{"self":[{"href":"https:\/\/www.fondation-culturelle-barbier-mueller.org\/en\/wp-json\/wp\/v2\/posts\/1891","targetHints":{"allow":["GET"]}}],"collection":[{"href":"https:\/\/www.fondation-culturelle-barbier-mueller.org\/en\/wp-json\/wp\/v2\/posts"}],"about":[{"href":"https:\/\/www.fondation-culturelle-barbier-mueller.org\/en\/wp-json\/wp\/v2\/types\/post"}],"author":[{"embeddable":true,"href":"https:\/\/www.fondation-culturelle-barbier-mueller.org\/en\/wp-json\/wp\/v2\/users\/2"}],"replies":[{"embeddable":true,"href":"https:\/\/www.fondation-culturelle-barbier-mueller.org\/en\/wp-json\/wp\/v2\/comments?post=1891"}],"version-history":[{"count":5,"href":"https:\/\/www.fondation-culturelle-barbier-mueller.org\/en\/wp-json\/wp\/v2\/posts\/1891\/revisions"}],"predecessor-version":[{"id":1896,"href":"https:\/\/www.fondation-culturelle-barbier-mueller.org\/en\/wp-json\/wp\/v2\/posts\/1891\/revisions\/1896"}],"wp:featuredmedia":[{"embeddable":true,"href":"https:\/\/www.fondation-culturelle-barbier-mueller.org\/en\/wp-json\/wp\/v2\/media\/1835"}],"wp:attachment":[{"href":"https:\/\/www.fondation-culturelle-barbier-mueller.org\/en\/wp-json\/wp\/v2\/media?parent=1891"}],"wp:term":[{"taxonomy":"category","embeddable":true,"href":"https:\/\/www.fondation-culturelle-barbier-mueller.org\/en\/wp-json\/wp\/v2\/categories?post=1891"},{"taxonomy":"post_tag","embeddable":true,"href":"https:\/\/www.fondation-culturelle-barbier-mueller.org\/en\/wp-json\/wp\/v2\/tags?post=1891"}],"curies":[{"name":"wp","href":"https:\/\/api.w.org\/{rel}","templated":true}]}}